{"id":959,"date":"2015-06-13T07:45:19","date_gmt":"2015-06-13T05:45:19","guid":{"rendered":"http:\/\/monabergs.de\/blog\/?p=959"},"modified":"2015-07-29T21:50:12","modified_gmt":"2015-07-29T19:50:12","slug":"blog-hop-team-klecks-co","status":"publish","type":"post","link":"https:\/\/monabergs.de\/blog\/2015\/06\/13\/blog-hop-team-klecks-co\/","title":{"rendered":"Blog Hop Team Klecks &#038; Co"},"content":{"rendered":"<p><img loading=\"lazy\" decoding=\"async\" class=\"alignnone size-full wp-image-980\" src=\"http:\/\/monabergs.de\/blog\/wp-content\/uploads\/2015\/06\/Logo-Team-Klecks.jpg\" alt=\"Logo Team Klecks\" width=\"851\" height=\"315\" srcset=\"https:\/\/monabergs.de\/blog\/wp-content\/uploads\/2015\/06\/Logo-Team-Klecks.jpg 851w, https:\/\/monabergs.de\/blog\/wp-content\/uploads\/2015\/06\/Logo-Team-Klecks-300x111.jpg 300w\" sizes=\"auto, (max-width: 851px) 100vw, 851px\" \/><\/p>\n<p>Heute darf ich Euch herzlich zu unserem Team Blog Hop begr\u00fc\u00dfen.<\/p>\n<h3>Das Thema ist: <span style=\"color: #339966;\"><em>&#8222;Rund um den neuen Katalog&#8220;<\/em><\/span><\/h3>\n<p>Ich habe dazu f\u00fcr Euch ein Geburtstagsset gewerkelt.<\/p>\n<p><a href=\"http:\/\/monabergs.de\/blog\/wp-content\/uploads\/2015\/06\/20150609_104548.jpg\" target=\"_blank\"><img loading=\"lazy\" decoding=\"async\" class=\"alignnone wp-image-963 size-large\" src=\"http:\/\/monabergs.de\/blog\/wp-content\/uploads\/2015\/06\/20150609_104548-1024x718.jpg\" alt=\"20150609_104548\" width=\"640\" height=\"449\" srcset=\"https:\/\/monabergs.de\/blog\/wp-content\/uploads\/2015\/06\/20150609_104548-1024x718.jpg 1024w, https:\/\/monabergs.de\/blog\/wp-content\/uploads\/2015\/06\/20150609_104548-300x210.jpg 300w\" sizes=\"auto, (max-width: 640px) 100vw, 640px\" \/><\/a><\/p>\n<p>Eine Gl\u00fcckwunsche Karte in den Farben Grasgr\u00fcn und Curry-Gelb mit Melonensorbet.<br \/>\nDie Verpackung ist in Melonensorbet mit dem <span id=\"ctl00_MainContentContainer_lblItemTitle\">Designerpapier im Block Bunte Party.<\/span><\/p>\n<p>F\u00fcr die Verpakung habe ich das neue Stanz- und Falzbrett f\u00fcr Geschenkt\u00fcten benutzt. Dazu habe ich ein St\u00fcck Farbkarton in Melonensorbet auf die Ma\u00dfe 11&#8220; mal 6&#8220; zugeschnitten und nach Anweisung auf dem Board gewerkelt.<\/p>\n<p><a href=\"http:\/\/monabergs.de\/blog\/wp-content\/uploads\/2015\/06\/20150609_092212.jpg\" target=\"_blank\"><img loading=\"lazy\" decoding=\"async\" class=\"alignnone wp-image-969 size-medium\" src=\"http:\/\/monabergs.de\/blog\/wp-content\/uploads\/2015\/06\/20150609_092212-300x225.jpg\" alt=\"20150609_092212\" width=\"300\" height=\"225\" srcset=\"https:\/\/monabergs.de\/blog\/wp-content\/uploads\/2015\/06\/20150609_092212-300x225.jpg 300w, https:\/\/monabergs.de\/blog\/wp-content\/uploads\/2015\/06\/20150609_092212-1024x768.jpg 1024w\" sizes=\"auto, (max-width: 300px) 100vw, 300px\" \/><\/a> <a href=\"http:\/\/monabergs.de\/blog\/wp-content\/uploads\/2015\/06\/20150609_092221.jpg\" target=\"_blank\"><img loading=\"lazy\" decoding=\"async\" class=\"alignnone wp-image-968 size-medium\" src=\"http:\/\/monabergs.de\/blog\/wp-content\/uploads\/2015\/06\/20150609_092221-300x185.jpg\" alt=\"20150609_092221\" width=\"300\" height=\"185\" srcset=\"https:\/\/monabergs.de\/blog\/wp-content\/uploads\/2015\/06\/20150609_092221-300x185.jpg 300w, https:\/\/monabergs.de\/blog\/wp-content\/uploads\/2015\/06\/20150609_092221-1024x630.jpg 1024w\" sizes=\"auto, (max-width: 300px) 100vw, 300px\" \/><\/a><\/p>\n<p>F\u00fcr den Deckel habe ich ein St\u00fcck\u00a0<span id=\"ctl00_MainContentContainer_lblItemTitle\">Designerpapier im Block Bunte Party\u00a0 auf einer Seite auf 12,2 cm gek\u00fcrzt. Dann auf allen Seiten bei 3,5 cm gefalzt und das Ganze dann zu einem Deckel zusammen geklebt.<\/span><\/p>\n<p><span id=\"ctl00_MainContentContainer_lblItemTitle\"><a href=\"http:\/\/monabergs.de\/blog\/wp-content\/uploads\/2015\/06\/20150609_093553.jpg\" target=\"_blank\"><img loading=\"lazy\" decoding=\"async\" class=\"alignnone wp-image-967 size-medium\" src=\"http:\/\/monabergs.de\/blog\/wp-content\/uploads\/2015\/06\/20150609_093553-300x220.jpg\" alt=\"20150609_093553\" width=\"300\" height=\"220\" srcset=\"https:\/\/monabergs.de\/blog\/wp-content\/uploads\/2015\/06\/20150609_093553-300x220.jpg 300w, https:\/\/monabergs.de\/blog\/wp-content\/uploads\/2015\/06\/20150609_093553-1024x750.jpg 1024w\" sizes=\"auto, (max-width: 300px) 100vw, 300px\" \/><\/a><br \/>\nVerziert habe ich die Verpackung mit einer Schleife aus der Schleifenstanze in Grasgr\u00fcn und der Spruch ist aus dem Set &#8222;<\/span>T\u00fcpfelchen auf der T\u00fcte&#8220;<\/p>\n<p><a href=\"http:\/\/monabergs.de\/blog\/wp-content\/uploads\/2015\/06\/20150609_104440.jpg\" target=\"_blank\"><img loading=\"lazy\" decoding=\"async\" class=\"alignnone wp-image-964 size-medium\" src=\"http:\/\/monabergs.de\/blog\/wp-content\/uploads\/2015\/06\/20150609_104440-300x174.jpg\" alt=\"20150609_104440\" width=\"300\" height=\"174\" srcset=\"https:\/\/monabergs.de\/blog\/wp-content\/uploads\/2015\/06\/20150609_104440-300x174.jpg 300w, https:\/\/monabergs.de\/blog\/wp-content\/uploads\/2015\/06\/20150609_104440-1024x594.jpg 1024w, https:\/\/monabergs.de\/blog\/wp-content\/uploads\/2015\/06\/20150609_104440.jpg 1691w\" sizes=\"auto, (max-width: 300px) 100vw, 300px\" \/><\/a><\/p>\n<p>Die Basis der Karte ist ein St\u00fcck Farbkarton in Grasgr\u00fcn. Die Torte und der Gl\u00fcckwunsch sind aus dem Stempelset Build a Birthday. Das ganze ist noch mit ein paar Glitzersteinchen verziert.<\/p>\n<p><a href=\"http:\/\/monabergs.de\/blog\/wp-content\/uploads\/2015\/06\/20150609_104304.jpg\" target=\"_blank\"><img loading=\"lazy\" decoding=\"async\" class=\"alignnone wp-image-966 size-medium\" src=\"http:\/\/monabergs.de\/blog\/wp-content\/uploads\/2015\/06\/20150609_104304-225x300.jpg\" alt=\"20150609_104304\" width=\"225\" height=\"300\" srcset=\"https:\/\/monabergs.de\/blog\/wp-content\/uploads\/2015\/06\/20150609_104304-225x300.jpg 225w, https:\/\/monabergs.de\/blog\/wp-content\/uploads\/2015\/06\/20150609_104304-768x1024.jpg 768w, https:\/\/monabergs.de\/blog\/wp-content\/uploads\/2015\/06\/20150609_104304.jpg 1920w\" sizes=\"auto, (max-width: 225px) 100vw, 225px\" \/><\/a><\/p>\n<p>Alles in allem finde ich es ein sehr farbenfrohes, fr\u00f6hliches Ensemble, das sich sowohl f\u00fcr einen Kindergeburtstag, als auch einen Erwachsenengeburtstag eignet.<\/p>\n<p><img loading=\"lazy\" decoding=\"async\" class=\"alignnone wp-image-365 size-full\" src=\"http:\/\/monabergs.de\/blog\/wp-content\/uploads\/2014\/09\/Mona.png\" alt=\"Mona\" width=\"210\" height=\"96\" \/><\/p>\n<p>Hier findest Du die anderen Teilnehmer, klick dich einfach durch:<\/p>\n<p>Tanja Kolar\u00a0 <a href=\"http:\/\/www.tanjakolar.de\/blog-hop-team-klecks-co-rund-um-den-neuen-katalog\/\" target=\"_blank\" rel=\"nofollow\">http:\/\/www.tanjakolar.de\/blog-hop-team-klecks-co-rund-um-d\u2026\/<\/a><br \/>\nSabrina K\u00fcsters\u00a0 <a href=\"http:\/\/scrapverliebt.blogspot.de\/2015\/06\/bloghop.html\" target=\"_blank\" rel=\"nofollow\">http:\/\/scrapverliebt.blogspot.de\/2015\/06\/bloghop.html<\/a><br \/>\nMarita Dreissen <a href=\"http:\/\/maritimbastelfieber.blogspot.com\/2015\/06\/blog-hop-team-klecks-co-rund-um-den.html\" target=\"_blank\">http:\/\/maritimbastelfieber.blogspot.com\/2015\/06\/blog-hop-team-klecks-co-rund-um-den.html<\/a><br \/>\nMona Bergs\u00a0 <a href=\"http:\/\/monabergs.de\/blog\/2015\/06\/13\/blog-hop-team-klecks-co\/\" target=\"_blank\" rel=\"nofollow\">http:\/\/monabergs.de\/blog\/2015\/06\/13\/blog-hop-team-klecks-co\/<\/a><br \/>\nNadine Langenscheidt\u00a0<a href=\"http:\/\/stamp-create.blogspot.de\/2015\/06\/blog-hop-team-klecks-und-co-rund-um-den.html\" target=\"_blank\" rel=\"nofollow\">http:\/\/stamp-create.blogspot.de\/\u2026\/blog-hop-team-klecks-und-\u2026<\/a><br \/>\nJenny Mirwald\u00a0<a href=\"http:\/\/www.bastel-maus.de\/?p=2755\" target=\"_blank\" rel=\"nofollow\">http:\/\/www.bastel-maus.de\/?p=2755<\/a><br \/>\nInge Dohmen <a href=\"http:\/\/inges-seelenmagie.blogspot.com\/2015\/06\/bloghop-team-klecks-co-rund-um-den.html\" target=\"_blank\">http:\/\/inges-seelenmagie.blogspot.com\/2015\/06\/bloghop-team-klecks-co-rund-um-den.html<\/a><\/p>\n<p>&nbsp;<\/p>\n","protected":false},"excerpt":{"rendered":"<p>Heute darf ich Euch herzlich zu unserem Team Blog Hop begr\u00fc\u00dfen. Das Thema ist: &#8222;Rund um den neuen Katalog&#8220; Ich habe dazu f\u00fcr Euch ein Geburtstagsset gewerkelt. Eine Gl\u00fcckwunsche Karte in den Farben Grasgr\u00fcn und Curry-Gelb mit Melonensorbet. Die Verpackung ist in Melonensorbet mit dem Designerpapier im Block Bunte Party. F\u00fcr die Verpakung habe ich [&hellip;]<\/p>\n","protected":false},"author":2,"featured_media":0,"comment_status":"open","ping_status":"closed","sticky":false,"template":"","format":"standard","meta":{"footnotes":""},"categories":[1],"tags":[32,12,80,7,5],"class_list":["post-959","post","type-post","status-publish","format-standard","hentry","category-allgemein","tag-blog-hop","tag-karte","tag-karten","tag-verpackung","tag-verpackungen"],"_links":{"self":[{"href":"https:\/\/monabergs.de\/blog\/wp-json\/wp\/v2\/posts\/959","targetHints":{"allow":["GET"]}}],"collection":[{"href":"https:\/\/monabergs.de\/blog\/wp-json\/wp\/v2\/posts"}],"about":[{"href":"https:\/\/monabergs.de\/blog\/wp-json\/wp\/v2\/types\/post"}],"author":[{"embeddable":true,"href":"https:\/\/monabergs.de\/blog\/wp-json\/wp\/v2\/users\/2"}],"replies":[{"embeddable":true,"href":"https:\/\/monabergs.de\/blog\/wp-json\/wp\/v2\/comments?post=959"}],"version-history":[{"count":13,"href":"https:\/\/monabergs.de\/blog\/wp-json\/wp\/v2\/posts\/959\/revisions"}],"predecessor-version":[{"id":981,"href":"https:\/\/monabergs.de\/blog\/wp-json\/wp\/v2\/posts\/959\/revisions\/981"}],"wp:attachment":[{"href":"https:\/\/monabergs.de\/blog\/wp-json\/wp\/v2\/media?parent=959"}],"wp:term":[{"taxonomy":"category","embeddable":true,"href":"https:\/\/monabergs.de\/blog\/wp-json\/wp\/v2\/categories?post=959"},{"taxonomy":"post_tag","embeddable":true,"href":"https:\/\/monabergs.de\/blog\/wp-json\/wp\/v2\/tags?post=959"}],"curies":[{"name":"wp","href":"https:\/\/api.w.org\/{rel}","templated":true}]}}